[{"@context":"https:\/\/schema.org\/","@type":"Article","@id":"https:\/\/www.alvare.sk\/do-plastovej-obalky-sa-nebojte-vlozit-aj-krehkejsi-tovar\/#Article","mainEntityOfPage":"https:\/\/www.alvare.sk\/do-plastovej-obalky-sa-nebojte-vlozit-aj-krehkejsi-tovar\/","headline":"Do plastovej ob\u00e1lky sa nebojte vlo\u017ei\u0165 aj krehkej\u0161\u00ed tovar","name":"Do plastovej ob\u00e1lky sa nebojte vlo\u017ei\u0165 aj krehkej\u0161\u00ed tovar","description":"Posielanie z\u00e1sielok tak m\u00f4\u017ee by\u0165 v duchu \u0161etrenia \u017eivotn\u00e9ho prostredia, ktor\u00e9 doposia\u013e trpelo hlavne kv\u00f4li mno\u017estvu pou\u017eit\u00fdch plastov, vyroben\u00fdch z klasickej f\u00f3lie, ktor\u00e1 je prakticky nerozlo\u017eite\u013en\u00e1 v pr\u00edrode a hromad\u00ed sa ako nebezpe\u010dn\u00fd odpad. Tento probl\u00e9m m\u00f4\u017ee \u010diasto\u010dne vyrie\u0161i\u0165 pou\u017e\u00edvanie plastov\u00fdch ob\u00e1lok z recykl\u00e1tu. Po\u0161tov\u00e9 slu\u017eby patria k t\u00fdm, ktor\u00e9 vyu\u017e\u00edva ka\u017ed\u00fd z n\u00e1s, v\u0161etci...","datePublished":"2022-02-11","dateModified":"2023-04-28","author":{"@type":"Person","@id":"https:\/\/www.alvare.sk\/author\/devene\/#Person","name":"devene","url":"https:\/\/www.alvare.sk\/author\/devene\/","identifier":1,"image":{"@type":"ImageObject","@id":"https:\/\/secure.gravatar.com\/avatar\/40308b9402d145b1dc164f447b6506e9dadca8c8362c3ffb52df95e789c0fd10?s=96&d=mm&r=g","url":"https:\/\/secure.gravatar.com\/avatar\/40308b9402d145b1dc164f447b6506e9dadca8c8362c3ffb52df95e789c0fd10?s=96&d=mm&r=g","height":96,"width":96}},"publisher":{"@type":"Organization","name":"alvare.sk","logo":{"@type":"ImageObject","@id":"\/logo.png","url":"\/logo.png","width":600,"height":60}},"image":{"@type":"ImageObject","@id":"https:\/\/www.alvare.sk\/wp-content\/uploads\/drobn%C3%A9%20predmety.jpg","url":"https:\/\/www.alvare.sk\/wp-content\/uploads\/drobn%C3%A9%20predmety.jpg","height":0,"width":0},"url":"https:\/\/www.alvare.sk\/do-plastovej-obalky-sa-nebojte-vlozit-aj-krehkejsi-tovar\/","wordCount":427,"articleBody":"   Posielanie z\u00e1sielok tak m\u00f4\u017ee by\u0165 v duchu \u0161etrenia \u017eivotn\u00e9ho prostredia, ktor\u00e9 doposia\u013e trpelo hlavne kv\u00f4li mno\u017estvu pou\u017eit\u00fdch plastov, vyroben\u00fdch z klasickej f\u00f3lie, ktor\u00e1 je prakticky nerozlo\u017eite\u013en\u00e1 v pr\u00edrode a hromad\u00ed sa ako nebezpe\u010dn\u00fd odpad. Tento probl\u00e9m m\u00f4\u017ee \u010diasto\u010dne vyrie\u0161i\u0165 pou\u017e\u00edvanie plastov\u00fdch ob\u00e1lok z recykl\u00e1tu.Po\u0161tov\u00e9 slu\u017eby patria k t\u00fdm, ktor\u00e9 vyu\u017e\u00edva ka\u017ed\u00fd z n\u00e1s, v\u0161etci sme u\u017e posielali bal\u00edk, z\u00e1sielku alebo list \u010di d\u00f4le\u017eit\u00e9 dokumenty niekomu na \u00fazem\u00ed Slovenska, ale aj do \u010falek\u00fdch kraj\u00edn. A ka\u017ed\u00fd z n\u00e1s chce, aby boli doru\u010den\u00e9 v takom stave, ako pri zabalen\u00ed, teda nepo\u0161koden\u00e9. V pr\u00edpade listov je to jasn\u00e9, na tie m\u00e1me papierov\u00e9 ob\u00e1lky, ve\u013ek\u00e9 predmety mus\u00edme zabali\u0165 do kart\u00f3novej \u0161katule a z\u00e1sielky, plastov\u00e9 ob\u00e1lky ktor\u00e9 maj\u00fa men\u0161ia rozmery je vhodn\u00e9 zabali\u0165 do plastovej ob\u00e1lky. S\u00fa navrhnut\u00e9 presne na tento \u00fa\u010del a aj uzatv\u00e1ranie je tomu prisp\u00f4soben\u00e9. Maj\u00fa toti\u017e lepiaci p\u00e1sik, ktor\u00fd udr\u017e\u00ed ka\u017ed\u00fd druh tovaru vo vn\u00fatri ob\u00e1lky a nedovol\u00ed po\u0161kodi\u0165 ho.Jednotv\u00e1rnos\u0165 bielej \u010di \u010diernej farby nar\u00fa\u0161aj\u00fa farebn\u00e9 ob\u00e1lky v najrozli\u010dnej\u0161\u00edch odtie\u0148och, napr\u00edklad zelen\u00e9, modr\u00e9, ru\u017eov\u00e9, \u017elt\u00e9 alebo holografick\u00e1 potla\u010d, s nimi bude v\u00e4\u010d\u0161ia z\u00e1bava pri ka\u017edej n\u00e1v\u0161teve po\u0161ty. Okrem pr\u00edjemn\u00fdch farebn\u00fdch odtie\u0148ov ob\u00e1lky m\u00f4\u017eu ma\u0165 aj uch\u00e1, ktor\u00e9 zaistia jednoduch\u0161iu manipul\u00e1ciu po\u010das prepravy. Ve\u013ekosti sa delia na form\u00e1ty, od klasick\u00e9ho A4 cez men\u0161ie \u010do o nie\u010do v\u00e4\u010d\u0161ie rozmery, ktor\u00e9 umo\u017e\u0148uj\u00fa balenie viacer\u00fdch ve\u013ekost\u00ed predmetov ako s\u00fa mal\u00e9 s\u00fa\u010diastky, sypk\u00e9 materi\u00e1ly, oble\u010denie, dar\u010deky, kozmetika \u010di bi\u017eut\u00e9ria alebo knihy a ve\u013ea in\u00fdch druhov predmetov.V plastovej ob\u00e1lke mus\u00ed zosta\u0165 predmet chr\u00e1nen\u00fd pred vlhkos\u0165ou, prachom a podobn\u00fdmi ne\u010distotami a z\u00e1rove\u0148 mus\u00ed by\u0165 aj pevn\u00e1, preto sa vyr\u00e1baj\u00fa v hr\u00fabkach plastu 50, 60, 70 a 90 mikrometrov. Diskr\u00e9tnos\u0165 ka\u017ed\u00e9ho predmetu v ob\u00e1lke mus\u00ed by\u0165 zaru\u010den\u00e1, a tak v\u00fdrobca siahol po \u010diernej farbe, ktor\u00fa pou\u017eil na vn\u00fatorn\u00fa stranu ob\u00e1lky. Pre z\u00e1kazn\u00edkov pripravil aj balenia s viacer\u00fdmi kusmi ob\u00e1lok, 10, 100 \u010di 200 kusmi, ktor\u00e9 s\u00fa finan\u010dne v\u00fdhodnej\u0161ie hlavne pre predajcov, ktor\u00ed ich musia posiela\u0165 aj nieko\u013eko denne.                                                                                                                                                                                                                                                                                                                                                                                           4.1\/5 - (8 votes)        "},{"@context":"https:\/\/schema.org\/","@type":"BreadcrumbList","itemListElement":[{"@type":"ListItem","position":1,"name":"Do plastovej ob\u00e1lky sa nebojte vlo\u017ei\u0165 aj krehkej\u0161\u00ed tovar","item":"https:\/\/www.alvare.sk\/do-plastovej-obalky-sa-nebojte-vlozit-aj-krehkejsi-tovar\/#breadcrumbitem"}]}]