[{"@context":"https:\/\/schema.org\/","@type":"Article","@id":"https:\/\/www.alvare.sk\/kabelka-ma-byt-dobrou-spolocnickou\/#Article","mainEntityOfPage":"https:\/\/www.alvare.sk\/kabelka-ma-byt-dobrou-spolocnickou\/","headline":"Kabelka m\u00e1 by\u0165 dobrou spolo\u010dn\u00ed\u010dkou","name":"Kabelka m\u00e1 by\u0165 dobrou spolo\u010dn\u00ed\u010dkou","description":"Ur\u010dite mi d\u00e1te za pravdu, \u017ee by ste si nevedeli predstavi\u0165 ani jeden de\u0148 bez svojej spolo\u010dn\u00ed\u010dky-kabelky. Nie je to len m\u00f3dny doplnok na o\u017eivenie a dotvorenie outfitu, ale aj miesto na odlo\u017eenie vec\u00ed, ktor\u00e9 potrebujeme ma\u0165 k dispoz\u00edcii denne. Ak by sme sa kabelky mali vzda\u0165, neviem si predstavi\u0165 in\u00e9 miesto, kam by sme...","datePublished":"2018-12-17","dateModified":"2023-04-28","author":{"@type":"Person","@id":"https:\/\/www.alvare.sk\/author\/devene\/#Person","name":"devene","url":"https:\/\/www.alvare.sk\/author\/devene\/","identifier":1,"image":{"@type":"ImageObject","@id":"https:\/\/secure.gravatar.com\/avatar\/40308b9402d145b1dc164f447b6506e9dadca8c8362c3ffb52df95e789c0fd10?s=96&d=mm&r=g","url":"https:\/\/secure.gravatar.com\/avatar\/40308b9402d145b1dc164f447b6506e9dadca8c8362c3ffb52df95e789c0fd10?s=96&d=mm&r=g","height":96,"width":96}},"publisher":{"@type":"Organization","name":"alvare.sk","logo":{"@type":"ImageObject","@id":"\/logo.png","url":"\/logo.png","width":600,"height":60}},"image":{"@type":"ImageObject","@id":"https:\/\/www.alvare.sk\/wp-content\/uploads\/img_a294928_w16617_t1545332475.jpg","url":"https:\/\/www.alvare.sk\/wp-content\/uploads\/img_a294928_w16617_t1545332475.jpg","height":0,"width":0},"url":"https:\/\/www.alvare.sk\/kabelka-ma-byt-dobrou-spolocnickou\/","wordCount":514,"articleBody":"Ur\u010dite mi d\u00e1te za pravdu, \u017ee by ste si nevedeli predstavi\u0165 ani jeden de\u0148 bez svojej spolo\u010dn\u00ed\u010dky-kabelky. Nie je to len m\u00f3dny doplnok na o\u017eivenie a dotvorenie outfitu, ale aj miesto na odlo\u017eenie vec\u00ed, ktor\u00e9 potrebujeme ma\u0165 k dispoz\u00edcii denne. Ak by sme sa kabelky mali vzda\u0165, neviem si predstavi\u0165 in\u00e9 miesto, kam by sme si v\u0161etky tieto veci\u010dky ulo\u017eili. Predstava pln\u00fdch napchat\u00fdch vreciek na kab\u00e1toch \u010di nohaviciach je nere\u00e1lna z jednoduch\u00e9ho d\u00f4vodu: vreck\u00e1 by to asi kapacitne nezvl\u00e1dli a zdeformovan\u00fd odev \u017eeny by ur\u010dite nebol na poh\u013ead l\u00e1kav\u00fd.To, \u017ee kabelku jednoducho potrebujeme, je jasn\u00e9. Teraz ide o to, aby sme si pri jej k\u00fape uvedomili p\u00e1r z\u00e1sadn\u00fdch vec\u00ed:1. na ak\u00fa pr\u00edle\u017eitos\u0165 si kabelku kupujeme2. z ak\u00e9ho materi\u00e1lu by mala by\u01653. ve\u013ekos\u0165 prisp\u00f4sobi\u0165 postave \u017eeny1.Kabelky rozli\u0161ujeme pod\u013ea druhu pr\u00edle\u017eitosti, na ak\u00fa ju potrebujeme. Rozmernej\u0161ie kabelky alebo takzvan\u00e9 \u0161operky s\u00fa ide\u00e1lne na denn\u00e9 nosenie, v pohode sa do nich zmestia v\u0161etky veci\u010dky a e\u0161te v\u00e1m zostane miesto aj na men\u0161\u00ed n\u00e1kup, ak bude treba. Na ve\u010dern\u00e9 pr\u00edle\u017eitosti si treba zaobstara\u0165 elegantn\u00fa, mal\u00fa kabelku, b\u00fdvaj\u00fa v\u00e4\u010d\u0161inou ozdoben\u00e9, s leskl\u00fdmi akcentmi a pojm\u00fa akur\u00e1t tak r\u00fa\u017e a zrkadielko, na plesov\u00e1 sez\u00f3na ve\u010der aj tak ni\u010d in\u00e9 potrebova\u0165 nebudete. Zabudn\u00fa\u0165 by sme nemali ani na \u0161portov\u00e9 ta\u0161ky a vaky, ktor\u00e9 vyu\u017e\u00edvame pri \u0161portov\u00fdch aktivit\u00e1ch \u010di turistike, s\u00fa objemnej\u0161ie, \u0161portov\u00e9ho strihu a materi\u00e1lu.2.Pri v\u00fdbere kabelky hr\u00e1 d\u00f4le\u017eit\u00fa \u00falohu aj materi\u00e1l, z ak\u00e9ho je vyroben\u00e1. Asi by bolo najrozumnej\u0161ie stavi\u0165 na kvalitu, a tu zabezpe\u010dia ko\u017een\u00e9 kabelky a ta\u0161ky. Patria medzi najkvalitnej\u0161ie, vydr\u017eia roky v nezmenenom tvare a s\u00fa nad\u010dasov\u00e9. Syntetick\u00e9 materi\u00e1ly maj\u00fa nev\u00fdhodu v tom, \u017ee m\u00f4\u017eu po \u010dase praska\u0165 a na poh\u013ead bud\u00fa neestetick\u00e9. V letn\u00fdch mesiacoch s\u00fa zasa ve\u013emi ob\u013e\u00faben\u00e9 kabelky z \u013eanu \u010di in\u00fdch text\u00edli\u00ed.3. Nezanedbate\u013en\u00fdm faktorom je aj ve\u013ekos\u0165 kabelky, mala by by\u0165 v pomere k proporci\u00e1m postavy, aby sa \u00fatlej\u0161ie \u017eeny pri nich nestratili a naopak, vysok\u00e9 a moletnej\u0161ie postavy si m\u00f4\u017eu dovoli\u0165 ve\u013ek\u00e9, objemn\u00e9 ta\u0161ky.V ob\u013eube aj u mu\u017eov Kabelky v\u0161ak nie s\u00fa len v\u00fdsadou \u017eien, ani mu\u017ei nepoh\u0155dnu peknou ta\u0161kou. S\u00fa, samozrejme, odli\u0161n\u00e9 od t\u00fdch d\u00e1mskych hlavne \u010do sa t\u00fdka prevedenia \u010di dizajnu, ale tie\u017e patria medzi ob\u013e\u00faben\u00fd doplnok outfitu modern\u00e9ho mu\u017ea. Podklady k pracovnej sch\u00f4dzke \u010di mobil alebo k\u013e\u00fa\u010de od auta a doklady tak n\u00e1jdu svoje miesto v peknej p\u00e1nskej ta\u0161ke. Akoko\u013evek sa rozhodnete, vyberajte so zrete\u013eom na praktickos\u0165, \u0161t\u00fdl, ktor\u00fd preferujete a v neposlednom rade aj na mo\u017enosti va\u0161ej pe\u0148a\u017eenky.                                                                                                                                                                                                                                                                                                                                                                                        4\/5 - (20 votes)        "},{"@context":"https:\/\/schema.org\/","@type":"BreadcrumbList","itemListElement":[{"@type":"ListItem","position":1,"name":"Kabelka m\u00e1 by\u0165 dobrou spolo\u010dn\u00ed\u010dkou","item":"https:\/\/www.alvare.sk\/kabelka-ma-byt-dobrou-spolocnickou\/#breadcrumbitem"}]}]