[{"@context":"https:\/\/schema.org\/","@type":"Article","@id":"https:\/\/www.alvare.sk\/sklenene-dvere-sa-daju-vytvorit-v-mnohych-dizajnovych-styloch\/#Article","mainEntityOfPage":"https:\/\/www.alvare.sk\/sklenene-dvere-sa-daju-vytvorit-v-mnohych-dizajnovych-styloch\/","headline":"Sklenen\u00e9 dvere sa daj\u00fa vytvori\u0165 v mnoh\u00fdch dizajnov\u00fdch \u0161t\u00fdloch","name":"Sklenen\u00e9 dvere sa daj\u00fa vytvori\u0165 v mnoh\u00fdch dizajnov\u00fdch \u0161t\u00fdloch","description":"Ve\u013ek\u00e9 priestory nie s\u00fa \u010dastokr\u00e1t vyu\u017e\u00edvan\u00e9 na 100%, ale ich rozdelen\u00edm na men\u0161ie miestnosti dok\u00e1\u017eeme prakticky vyu\u017ei\u0165 cel\u00fa plochu. Rozdelenie je mo\u017en\u00e9 viacer\u00fdmi sp\u00f4sobmi, vymurovan\u00edm z teh\u00e1l alebo postaven\u00edm sadrokart\u00f3novej \u013eahkej prie\u010dky, predeli\u0165 ich parav\u00e1nom, no najmodernej\u0161\u00ed sp\u00f4sob je sklenen\u00e1 prie\u010dka s dverami, ktor\u00e1 svoju \u00falohu spln\u00ed a navy\u0161e zabezpe\u010d\u00ed pr\u00edsun denn\u00e9ho svetla do priestoru....","datePublished":"2021-07-25","dateModified":"2023-04-28","author":{"@type":"Person","@id":"https:\/\/www.alvare.sk\/author\/devene\/#Person","name":"devene","url":"https:\/\/www.alvare.sk\/author\/devene\/","identifier":1,"image":{"@type":"ImageObject","@id":"https:\/\/secure.gravatar.com\/avatar\/40308b9402d145b1dc164f447b6506e9dadca8c8362c3ffb52df95e789c0fd10?s=96&d=mm&r=g","url":"https:\/\/secure.gravatar.com\/avatar\/40308b9402d145b1dc164f447b6506e9dadca8c8362c3ffb52df95e789c0fd10?s=96&d=mm&r=g","height":96,"width":96}},"publisher":{"@type":"Organization","name":"alvare.sk","logo":{"@type":"ImageObject","@id":"\/logo.png","url":"\/logo.png","width":600,"height":60}},"image":{"@type":"ImageObject","@id":"https:\/\/www.alvare.sk\/wp-content\/uploads\/door-1835474_640_2.jpg","url":"https:\/\/www.alvare.sk\/wp-content\/uploads\/door-1835474_640_2.jpg","height":0,"width":0},"url":"https:\/\/www.alvare.sk\/sklenene-dvere-sa-daju-vytvorit-v-mnohych-dizajnovych-styloch\/","wordCount":387,"articleBody":"   Ve\u013ek\u00e9 priestory nie s\u00fa \u010dastokr\u00e1t vyu\u017e\u00edvan\u00e9 na 100%, ale ich rozdelen\u00edm na men\u0161ie miestnosti dok\u00e1\u017eeme prakticky vyu\u017ei\u0165 cel\u00fa plochu. Rozdelenie je mo\u017en\u00e9 viacer\u00fdmi sp\u00f4sobmi, vymurovan\u00edm z teh\u00e1l alebo postaven\u00edm sadrokart\u00f3novej \u013eahkej prie\u010dky, predeli\u0165 ich parav\u00e1nom, no najmodernej\u0161\u00ed sp\u00f4sob je sklenen\u00e1 prie\u010dka s dverami, ktor\u00e1 svoju \u00falohu spln\u00ed a navy\u0161e zabezpe\u010d\u00ed pr\u00edsun denn\u00e9ho svetla do priestoru.Sklo je \u017eiadan\u00e9 hlavne kv\u00f4li vlastnostiam ako je nad\u010dasovos\u0165, \u0161t\u00fdlovos\u0165, modern\u00fd dizajn a tie\u017e jednoduch\u00e1 \u00fadr\u017eba. V akejko\u013evek forme je sklo v interi\u00e9ri pr\u00ednosom, no ak je pou\u017eit\u00e9 na v\u00fdrobu dver\u00ed, opticky dok\u00e1\u017ee cel\u00fd priestor zv\u00e4\u010d\u0161i\u0165 a zariadeniu dod\u00e1 n\u00e1dych luxusu a elegancie. Dvern\u00e9 kr\u00eddla sa m\u00f4\u017eu otv\u00e1ra\u0165 alebo pos\u00fava\u0165 do str\u00e1n, a pr\u00e1ve tento typ dver\u00ed je \u017eiadan\u00fd preva\u017ene v men\u0161\u00edch priestoroch, kde niet ve\u013ea miesta na to, aby ste mohli dvern\u00e9 kr\u00eddla otv\u00e1ra\u0165. O bezpe\u010dnos\u0165 sa pri sklenen\u00fdch dver\u00e1ch nemus\u00edte ob\u00e1va\u0165, preto\u017ee sa vyr\u00e1baj\u00fa v\u00fdlu\u010dne z bezpe\u010dnostn\u00e9ho skla hr.8mm. Povrchov\u00e1 \u00faprava \u010di farebn\u00e9 vyhotovenie je na rozhodnut\u00ed z\u00e1kazn\u00edka, \u010di d\u00e1 prednos\u0165 \u010d\u00edremu alebo matn\u00e9mu variantu alebo stav\u00ed na grafosklo, polep f\u00f3liou \u010di tla\u010d grafick\u00fdch vzorov priamo na sklo. Vynikaj\u00faca je mo\u017enos\u0165 navrhn\u00fa\u0165 si vlastn\u00fd vzor, \u010d\u00edm z\u00edska cel\u00fd priestor origin\u00e1lny vzh\u013ead a osobit\u00fd \u0161t\u00fdl.Mont\u00e1\u017e sklenen\u00fdch dver\u00ed by ste mali zveri\u0165 do r\u00fak odborn\u00edkom, ktor\u00ed v tom maj\u00fa prax a vedia si poradi\u0165 s ka\u017ed\u00fdm pr\u00edpadn\u00fdm probl\u00e9mom pri ich osadzovan\u00ed. Vopred v\u00e1s aj upozornia na nedostato\u010dn\u00fa pripravenos\u0165 priestoru pred mont\u00e1\u017eou, ktor\u00e1 by mohla sklenen\u00e9 dvere sp\u00f4sobi\u0165 zbyto\u010dn\u00e9 komplik\u00e1cie a ne\u010dakan\u00e9 probl\u00e9my po za\u010dat\u00ed pr\u00e1ce.Vlastnosti sklenen\u00fdch dver\u00ed vyu\u017e\u00edvame aj v kancel\u00e1ri\u00e1ch, obchodn\u00fdch priestoroch \u010di v administrat\u00edve, kde je nutnos\u0165 zabezpe\u010di\u0165 s\u00fakromie, ale zrakov\u00fd kontakt nie je preru\u0161en\u00fd, preto\u017ee sklenen\u00e9 dvere \u010di cel\u00e9 prie\u010dky dok\u00e1\u017eu priestor rozdeli\u0165 rozumn\u00fdm sp\u00f4sobom: vid\u00edme sa, no z\u00e1rove\u0148 m\u00e1 ka\u017ed\u00fd svoje s\u00fakromie.                                                                                                                                                                                                                                                                                                                                                                                          4.1\/5 - (15 votes)        "},{"@context":"https:\/\/schema.org\/","@type":"BreadcrumbList","itemListElement":[{"@type":"ListItem","position":1,"name":"Sklenen\u00e9 dvere sa daj\u00fa vytvori\u0165 v mnoh\u00fdch dizajnov\u00fdch \u0161t\u00fdloch","item":"https:\/\/www.alvare.sk\/sklenene-dvere-sa-daju-vytvorit-v-mnohych-dizajnovych-styloch\/#breadcrumbitem"}]}]